{"id":15343,"date":"2023-04-06T10:16:06","date_gmt":"2023-04-06T08:16:06","guid":{"rendered":"https:\/\/md-online.pl\/?p=15343"},"modified":"2023-04-07T11:48:24","modified_gmt":"2023-04-07T09:48:24","slug":"wspomnienia","status":"publish","type":"post","link":"https:\/\/md-online.pl\/pl\/wspomnienia\/","title":{"rendered":"Wspomnienia: Kiedy pracowa\u0142y u nas dzieci"},"content":{"rendered":"<p><img decoding=\"async\" src=\"https:\/\/md-online.pl\/wp-content\/uploads\/sites\/2\/2023\/04\/interwiev.png\" alt=\"translate story \" \/><\/p>\n<h4>MD Online przez 10 lat swojej dzia\u0142alno\u015bci spotka\u0142o si\u0119 z wieloma zabawnymi i pami\u0119tnymi okoliczno\u015bciami. Dzi\u015b chcemy podzieli\u0107 si\u0119 z wami jednym z takich wspomnie\u0144.<\/h4>\n<p>&nbsp;<\/p>\n<p style=\"text-align: left\"><strong>Pyt:<\/strong> Jeszcze przed rozpocz\u0119ciem pracy nad jakimikolwiek tekstami na promocj\u0119 dziesi\u0119ciolecia firmy MD Online, do pracownik\u00f3w zosta\u0142 wys\u0142ana wiadomo\u015b\u0107 z zapytaniem, kt\u00f3re brzmia\u0142o mniej wi\u0119cej tak: &#8222;Czy wydarzy\u0142o si\u0119 co\u015b pami\u0119tnego podczas twojej pracy w firmie&#8221;. Osob\u0105, kt\u00f3ra najszybciej zareagowa\u0142a na t\u0105 wiadomo\u015b\u0107 by\u0142a Agat\u0105, kt\u00f3r\u0105 osoby \u015bledz\u0105ce nasze wpisy mog\u0105 <a href=\"https:\/\/md-online.pl\/pl\/rok-3-wiecej-niz-dwoje\/\">pami\u0119ta\u0107 z roku trzeciego<\/a>, gdzie pochwali\u0142a si\u0119 swoimi pocz\u0105tkami pracy. Dzisiaj spotykamy si\u0119 jednak, aby porozmawia\u0107 o jej wspominkach. Czy mog\u0142abym prosi\u0107, aby\u015b si\u0119 przedstawi\u0142a?<\/p>\n<div id=\"attachment_15355\" style=\"width: 310px\" class=\"wp-caption alignright\"><img decoding=\"async\" aria-describedby=\"caption-attachment-15355\" class=\"wp-image-15355 size-medium\" src=\"https:\/\/md-online.pl\/wp-content\/uploads\/sites\/2\/2023\/04\/DSC0465-300x212.jpg\" alt=\"Agata Sibilska-Wo\u017aniacka\" width=\"300\" height=\"212\" srcset=\"https:\/\/md-online.pl\/wp-content\/uploads\/sites\/2\/2023\/04\/DSC0465-300x212.jpg 300w, https:\/\/md-online.pl\/wp-content\/uploads\/sites\/2\/2023\/04\/DSC0465-1024x724.jpg 1024w, https:\/\/md-online.pl\/wp-content\/uploads\/sites\/2\/2023\/04\/DSC0465-768x543.jpg 768w, https:\/\/md-online.pl\/wp-content\/uploads\/sites\/2\/2023\/04\/DSC0465-1536x1086.jpg 1536w, https:\/\/md-online.pl\/wp-content\/uploads\/sites\/2\/2023\/04\/DSC0465-2048x1448.jpg 2048w, https:\/\/md-online.pl\/wp-content\/uploads\/sites\/2\/2023\/04\/DSC0465-600x424.jpg 600w\" sizes=\"(max-width: 300px) 100vw, 300px\" \/><p id=\"caption-attachment-15355\" class=\"wp-caption-text\">Agata Sibilska-Wo\u017aniacka<\/p><\/div>\n<p style=\"text-align: left\"><strong>Agata:<\/strong> No pewnie, jestem Agata, pracuj\u0119 na stanowisku mened\u017cera projekt\u00f3w specjalnych, z wykszta\u0142cenia jestem filologiem i ta mi\u0142o\u015b\u0107 do s\u0142owa [gr. phil\u00e9\u014d \u2018lubi\u0119\u2019, l\u00f3gos \u2018s\u0142owo\u2019, \u2018nauka\u2019] doprowadzi\u0142a mnie wprost tutaj \ud83d\ude42<\/p>\n<p style=\"text-align: left\"><strong>Pyt:<\/strong> Dzi\u0119kuj\u0119! Teraz, skoro ju\u017c wszyscy wiedz\u0105, \u017ce mamy do czynienia z Pani\u0105 menad\u017cer do zada\u0144 specjalnych, mo\u017ce przejd\u017amy do historii, o kt\u00f3rej napisa\u0142a\u015b do\u015b\u0107 kr\u00f3tko. Chodzi\u0142o o twoje syna, kt\u00f3ry odebra\u0142 telefon, prawda? Czy mo\u017cesz nam przytoczy\u0107 t\u0105 histori\u0119?<\/p>\n<p style=\"text-align: left\"><strong>Agata:<\/strong> O to by\u0142 ci\u0119\u017cki dzie\u0144&#8230; Pierwszy raz zwr\u00f3ci\u0142 si\u0119 do nas nowy klient, nowy dobrze zapowiadaj\u0105cy si\u0119 klient-dodam. Chc\u0105c dostarczy\u0107 jak najlepsz\u0105 jako\u015b\u0107, zlecili\u015bmy t\u0142umaczenie bardzo dobremu, do\u015bwiadczonemu i znakomicie wykszta\u0142conemu profesorowi uczelni- pan w wieku pow. 80 lat, ale w doskona\u0142ej kondycji, bardzo dobrze pos\u0142uguj\u0105cy si\u0119 nowoczesnymi narz\u0119dziami do profesjonalnych t\u0142umacze\u0144. Nagle kontakt z t\u0142umaczem si\u0119 urwa\u0142, op\u00f3\u017anienie ju\u017c puka w drzwi, profesor nic, a nic si\u0119 nie odzywa, piszemy, dzwonimy-zapad\u0142 si\u0119 pod ziemi\u0119. Po pewnym czasie skontaktowa\u0142a si\u0119 z nami jego \u017cona z informacj\u0105, \u017ce m\u0105\u017c trafi\u0142 do szpitala i jego stan nie jest za dobry. T\u0142umaczenie niezrobione, klient wydzwania raz po raz, ja na drugim telefonie obdzwaniam, kt\u00f3ry z pozosta\u0142ych t\u0142umaczy mo\u017ce to zrobi\u0107 &#8222;na wczoraj&#8221;, a w tym czasie&#8230;. m\u00f3j 3 letni synek prowadzi pobudzon\u0105 rozmow\u0119 w drugim pokoju, jak si\u0119 okaza\u0142o ze w\u015bciek\u0142ym klientem!<\/p>\n<p style=\"text-align: left\"><strong>Pyt:<\/strong> Ojej! Haha.<\/p>\n<p style=\"text-align: left\"><strong>Agata:<\/strong> Tak, o to wysz\u0142o, \u017ce w firmie zatrudniamy osoby starsze i dzieci \u2013 nie dziwne, \u017ce si\u0119 sp\u00f3\u017aniamy. Hahaha<\/p>\n<p style=\"text-align: left\"><strong>Pyt:<\/strong> Jaka\u015b kara spotka\u0142a synka? Wydaje mi si\u0119, \u017ce ka\u017cdy rodzi\u0107 w takiej sytuacji od razu \u0142apie za telefon.<\/p>\n<p style=\"text-align: left\"><strong>Agata:<\/strong> By\u0142am tak zm\u0119czona tym tematem, \u017ce poza sprawdzeniem kto dzwoni i oddzwonieniem do ju\u017c naprawd\u0119 wkurzonego klienta, nie podj\u0119\u0142am \u017cadnych krok\u00f3w w stosunku do syna, to 3 latek &#8211; uwa\u017cam, \u017ce osoba podnosz\u0105ca g\u0142os na 3 letnie dziecko przez telefon te\u017c nie zachowa\u0142a si\u0119 fair \ud83d\ude09<\/p>\n<p style=\"text-align: left\"><strong>Pyt:<\/strong> Zgadzam si\u0119 w tej kwestii. Klient na pewno m\u00f3g\u0142 mie\u0107 \u017cal co do zaistnia\u0142ej sytuacji, jednak przelewanie goryczy na przypadkowego rozm\u00f3wce\u2026 No, pomijaj\u0105c! Na pewno pochwali\u0142a\u015b si\u0119 w pracy t\u0105 sytuacj\u0105.<\/p>\n<p style=\"text-align: left\"><strong>Agata:<\/strong> Nie od razu, najpierw si\u0119 ba\u0142am przyzna\u0107, \u017ce w moim domu dosz\u0142o do &#8222;dolania oliwy do ognia&#8221; Przyzna\u0142am si\u0119 p\u00f3\u0142 roku p\u00f3\u017aniej na naszym dorocznym spotkaniu zespo\u0142u! Relaks w SPA i pyszna kolacja rozwi\u0105za\u0142y mi j\u0119zyk, a i pami\u0119\u0107 o kliencie by\u0142a ju\u017c zatarta.<\/p>\n<p style=\"text-align: left\"><strong>Pyt:<\/strong> W takich okoliczno\u015bciach na pewno sko\u0144czy\u0142o si\u0119 na \u017cartach. Zw\u0142aszcza w spokojnego atmosferze i ju\u017c bez stresu zwi\u0105zane z t\u0105 nieudan\u0105&#8230; W\u0142a\u015bnie! Jak sko\u0144czy\u0142a si\u0119 sytuacja? Uda\u0142o si\u0119 dostarczy\u0107 tekst?<\/p>\n<p style=\"text-align: left\"><strong>Agata:<\/strong> Uda\u0142o, ale klient ju\u017c go nie chcia\u0142 od nas.<\/p>\n<p style=\"text-align: left\"><strong>Pyt:<\/strong> Przykre zako\u0144czenie, ale zwykle na takich historiach czego\u015b si\u0119 uczymy. W firmie zosta\u0142y poci\u0105gni\u0119te jakie\u015b kroki, aby podobne sytuacje nie zaistnia\u0142y w przysz\u0142o\u015bci?<\/p>\n<p style=\"text-align: left\"><strong>Agata:<\/strong> Oczywi\u015bcie, wyci\u0105gamy nauk\u0119 z ka\u017cdej trudnej sytuacji, aby m\u00f3c im zapobiec\u00a0 w przysz\u0142o\u015bci, chocia\u017c ta by\u0142a naprawd\u0119 trudna do przewidzenia. Nie chc\u0119 si\u0119 zag\u0142\u0119bia\u0107 w nasze procedury wewn\u0119trzne, ale postawili\u015bmy sobie pewne punkty, kt\u00f3re kontroluj\u0105c jeste\u015bmy w stanie &#8222;wy\u0142apa\u0107&#8221; takie i podobne sytuacje, zareagowa\u0107 na czas.<\/p>\n<p style=\"text-align: left\"><strong>Pyt:<\/strong> Mi\u0142o to s\u0142ysze\u0107, uczenie si\u0119 na b\u0142\u0119dach jest najzdrowszym podej\u015bciem. Mo\u017cemy wi\u0119c przyj\u0105\u0107, \u017ce synek tak\u017ce ju\u017c z nami nie pracuje? \ud83d\ude42<\/p>\n<p style=\"text-align: left\"><strong>Agata:<\/strong> Ale\u017c pracuje! Pakuje \u015bwi\u0105teczne kartki i inne upominki, kt\u00f3re zdarza nam si\u0119 wysy\u0142a\u0107 klientom i wsp\u00f3\u0142pracownikom \ud83d\ude42<\/p>\n<p style=\"text-align: left\"><strong>Pyt:<\/strong> W takim razie mam nadziej\u0119, \u017ce kiedy\u015b dostan\u0119 paczk\u0119 zapakowan\u0105 przez naszego ma\u0142ego pracownika! Dzi\u0119kuj\u0119 ci bardzo za rozmow\u0119.<\/p>\n<p style=\"text-align: left\"><strong>Agata:<\/strong> No pewnie! Powiem mu, aby przygotowa\u0142 specjaln\u0105 laurk\u0119! Dzi\u0119ki r\u00f3wnie\u017c.<\/p>\n<h4><\/h4>\n<p><strong>Ka\u017cda firma ma na koncie r\u00f3\u017cne wpadki i \u015bmieszne sytuacje, kt\u00f3re pracownicy wspominaj\u0105 przy r\u00f3\u017cnych okazjach z u\u015bmiechem na ustach. Czasem szefowie dopiero po latach dowiaduj\u0105 si\u0119 o nich. Je\u015bli chcesz dowiedzie\u0107 si\u0119 wi\u0119cej o \u017cyciu firmy: <a href=\"https:\/\/md-online.pl\/pl\/category\/10rocznica\/\">kliknij tutaj\u00a0<\/a><\/strong><\/p>\n","protected":false},"excerpt":{"rendered":"<p>MD Online przez 10 lat swojej dzia\u0142alno\u015bci spotka\u0142o si\u0119 z wieloma zabawnymi i pami\u0119tnymi okoliczno\u015bciami. Dzi\u015b chcemy podzieli\u0107 si\u0119 z wami jednym z takich wspomnie\u0144. &nbsp; Pyt: Jeszcze przed rozpocz\u0119ciem pracy nad jakimikolwiek tekstami na promocj\u0119 dziesi\u0119ciolecia firmy MD Online, do pracownik\u00f3w zosta\u0142 wys\u0142ana wiadomo\u015b\u0107 z zapytaniem, kt\u00f3re brzmia\u0142o mniej wi\u0119cej tak: &#8222;Czy wydarzy\u0142o si\u0119 co\u015b pami\u0119tnego podczas twojej pracy w firmie&#8221;. Osob\u0105, kt\u00f3ra najszybciej zareagowa\u0142a na t\u0105 wiadomo\u015b\u0107 by\u0142a Agat\u0105, kt\u00f3r\u0105 osoby \u015bledz\u0105ce nasze wpisy mog\u0105 pami\u0119ta\u0107 z roku trzeciego, gdzie pochwali\u0142a si\u0119 swoimi pocz\u0105tkami pracy. Dzisiaj spotykamy si\u0119 jednak, aby porozmawia\u0107 o jej wspominkach. Czy mog\u0142abym prosi\u0107, aby\u015b si\u0119 przedstawi\u0142a? Agata: No pewnie, jestem Agata, pracuj\u0119 na stanowisku mened\u017cera projekt\u00f3w specjalnych, z wykszta\u0142cenia jestem filologiem i ta mi\u0142o\u015b\u0107 do s\u0142owa [gr. phil\u00e9\u014d \u2018lubi\u0119\u2019, l\u00f3gos \u2018s\u0142owo\u2019, \u2018nauka\u2019] doprowadzi\u0142a mnie wprost tutaj \ud83d\ude42 Pyt: Dzi\u0119kuj\u0119! Teraz, skoro ju\u017c wszyscy wiedz\u0105, \u017ce mamy do czynienia z Pani\u0105 menad\u017cer do zada\u0144 specjalnych,<\/p>\n","protected":false},"author":16,"featured_media":15341,"comment_status":"open","ping_status":"open","sticky":false,"template":"","format":"standard","meta":{"_monsterinsights_skip_tracking":false,"_monsterinsights_sitenote_active":false,"_monsterinsights_sitenote_note":"","_monsterinsights_sitenote_category":0,"footnotes":""},"categories":[338],"tags":[],"class_list":["post-15343","post","type-post","status-publish","format-standard","has-post-thumbnail","hentry","category-10rocznica"],"yoast_head":"<!-- This site is optimized with the Yoast SEO plugin v21.0 - https:\/\/yoast.com\/wordpress\/plugins\/seo\/ -->\n<title>Wspomnienia: Kiedy pracowa\u0142y u nas dzieci - MD Online<\/title>\n<meta name=\"robots\" content=\"index, follow, max-snippet:-1, max-image-preview:large, max-video-preview:-1\" \/>\n<link rel=\"canonical\" href=\"https:\/\/md-online.pl\/pl\/wspomnienia\/\" \/>\n<meta property=\"og:locale\" content=\"pl_PL\" \/>\n<meta property=\"og:type\" content=\"article\" \/>\n<meta property=\"og:title\" content=\"Wspomnienia: Kiedy pracowa\u0142y u nas dzieci - MD Online\" \/>\n<meta property=\"og:description\" content=\"MD Online przez 10 lat swojej dzia\u0142alno\u015bci spotka\u0142o si\u0119 z wieloma zabawnymi i pami\u0119tnymi okoliczno\u015bciami. Dzi\u015b chcemy podzieli\u0107 si\u0119 z wami jednym z takich wspomnie\u0144. &nbsp; Pyt: Jeszcze przed rozpocz\u0119ciem pracy nad jakimikolwiek tekstami na promocj\u0119 dziesi\u0119ciolecia firmy MD Online, do pracownik\u00f3w zosta\u0142 wys\u0142ana wiadomo\u015b\u0107 z zapytaniem, kt\u00f3re brzmia\u0142o mniej wi\u0119cej tak: &#8222;Czy wydarzy\u0142o si\u0119 co\u015b pami\u0119tnego podczas twojej pracy w firmie&#8221;. Osob\u0105, kt\u00f3ra najszybciej zareagowa\u0142a na t\u0105 wiadomo\u015b\u0107 by\u0142a Agat\u0105, kt\u00f3r\u0105 osoby \u015bledz\u0105ce nasze wpisy mog\u0105 pami\u0119ta\u0107 z roku trzeciego, gdzie pochwali\u0142a si\u0119 swoimi pocz\u0105tkami pracy. Dzisiaj spotykamy si\u0119 jednak, aby porozmawia\u0107 o jej wspominkach. Czy mog\u0142abym prosi\u0107, aby\u015b si\u0119 przedstawi\u0142a? Agata: No pewnie, jestem Agata, pracuj\u0119 na stanowisku mened\u017cera projekt\u00f3w specjalnych, z wykszta\u0142cenia jestem filologiem i ta mi\u0142o\u015b\u0107 do s\u0142owa [gr. phil\u00e9\u014d \u2018lubi\u0119\u2019, l\u00f3gos \u2018s\u0142owo\u2019, \u2018nauka\u2019] doprowadzi\u0142a mnie wprost tutaj \ud83d\ude42 Pyt: Dzi\u0119kuj\u0119! Teraz, skoro ju\u017c wszyscy wiedz\u0105, \u017ce mamy do czynienia z Pani\u0105 menad\u017cer do zada\u0144 specjalnych,\" \/>\n<meta property=\"og:url\" content=\"https:\/\/md-online.pl\/pl\/wspomnienia\/\" \/>\n<meta property=\"og:site_name\" content=\"MD Online\" \/>\n<meta property=\"article:published_time\" content=\"2023-04-06T08:16:06+00:00\" \/>\n<meta property=\"article:modified_time\" content=\"2023-04-07T09:48:24+00:00\" \/>\n<meta property=\"og:image\" content=\"https:\/\/md-online.pl\/wp-content\/uploads\/sites\/2\/2023\/04\/interwiev.png\" \/>\n\t<meta property=\"og:image:width\" content=\"960\" \/>\n\t<meta property=\"og:image:height\" content=\"540\" \/>\n\t<meta property=\"og:image:type\" content=\"image\/png\" \/>\n<meta name=\"author\" content=\"redaktor\" \/>\n<meta name=\"twitter:card\" content=\"summary_large_image\" \/>\n<meta name=\"twitter:label1\" content=\"Napisane przez\" \/>\n\t<meta name=\"twitter:data1\" content=\"redaktor\" \/>\n\t<meta name=\"twitter:label2\" content=\"Szacowany czas czytania\" \/>\n\t<meta name=\"twitter:data2\" content=\"4 minuty\" \/>\n<script type=\"application\/ld+json\" class=\"yoast-schema-graph\">{\"@context\":\"https:\/\/schema.org\",\"@graph\":[{\"@type\":\"WebPage\",\"@id\":\"https:\/\/md-online.pl\/pl\/wspomnienia\/\",\"url\":\"https:\/\/md-online.pl\/pl\/wspomnienia\/\",\"name\":\"Wspomnienia: Kiedy pracowa\u0142y u nas dzieci - MD Online\",\"isPartOf\":{\"@id\":\"https:\/\/md-online.pl\/en\/#website\"},\"datePublished\":\"2023-04-06T08:16:06+00:00\",\"dateModified\":\"2023-04-07T09:48:24+00:00\",\"author\":{\"@id\":\"https:\/\/md-online.pl\/en\/#\/schema\/person\/e8707b1784eedbf7cc3dbafa2792bfd2\"},\"breadcrumb\":{\"@id\":\"https:\/\/md-online.pl\/pl\/wspomnienia\/#breadcrumb\"},\"inLanguage\":\"pl-PL\",\"potentialAction\":[{\"@type\":\"ReadAction\",\"target\":[\"https:\/\/md-online.pl\/pl\/wspomnienia\/\"]}]},{\"@type\":\"BreadcrumbList\",\"@id\":\"https:\/\/md-online.pl\/pl\/wspomnienia\/#breadcrumb\",\"itemListElement\":[{\"@type\":\"ListItem\",\"position\":1,\"name\":\"Strona g\u0142\u00f3wna\",\"item\":\"https:\/\/md-online.pl\/pl\/\"},{\"@type\":\"ListItem\",\"position\":2,\"name\":\"Wspomnienia: Kiedy pracowa\u0142y u nas dzieci\"}]},{\"@type\":\"WebSite\",\"@id\":\"https:\/\/md-online.pl\/en\/#website\",\"url\":\"https:\/\/md-online.pl\/en\/\",\"name\":\"MD Online\",\"description\":\"Expert Communication Support\",\"potentialAction\":[{\"@type\":\"SearchAction\",\"target\":{\"@type\":\"EntryPoint\",\"urlTemplate\":\"https:\/\/md-online.pl\/en\/?s={search_term_string}\"},\"query-input\":\"required name=search_term_string\"}],\"inLanguage\":\"pl-PL\"},{\"@type\":\"Person\",\"@id\":\"https:\/\/md-online.pl\/en\/#\/schema\/person\/e8707b1784eedbf7cc3dbafa2792bfd2\",\"name\":\"redaktor\",\"image\":{\"@type\":\"ImageObject\",\"inLanguage\":\"pl-PL\",\"@id\":\"https:\/\/md-online.pl\/en\/#\/schema\/person\/image\/\",\"url\":\"https:\/\/secure.gravatar.com\/avatar\/36e51595bc78caf5c34860f2909741d7fd9b54619090258cd68a2606369aae9a?s=96&d=mm&r=g\",\"contentUrl\":\"https:\/\/secure.gravatar.com\/avatar\/36e51595bc78caf5c34860f2909741d7fd9b54619090258cd68a2606369aae9a?s=96&d=mm&r=g\",\"caption\":\"redaktor\"},\"url\":\"https:\/\/md-online.pl\/pl\/author\/redaktor\/\"}]}<\/script>\n<!-- \/ Yoast SEO plugin. -->","yoast_head_json":{"title":"Wspomnienia: Kiedy pracowa\u0142y u nas dzieci - MD Online","robots":{"index":"index","follow":"follow","max-snippet":"max-snippet:-1","max-image-preview":"max-image-preview:large","max-video-preview":"max-video-preview:-1"},"canonical":"https:\/\/md-online.pl\/pl\/wspomnienia\/","og_locale":"pl_PL","og_type":"article","og_title":"Wspomnienia: Kiedy pracowa\u0142y u nas dzieci - MD Online","og_description":"MD Online przez 10 lat swojej dzia\u0142alno\u015bci spotka\u0142o si\u0119 z wieloma zabawnymi i pami\u0119tnymi okoliczno\u015bciami. Dzi\u015b chcemy podzieli\u0107 si\u0119 z wami jednym z takich wspomnie\u0144. &nbsp; Pyt: Jeszcze przed rozpocz\u0119ciem pracy nad jakimikolwiek tekstami na promocj\u0119 dziesi\u0119ciolecia firmy MD Online, do pracownik\u00f3w zosta\u0142 wys\u0142ana wiadomo\u015b\u0107 z zapytaniem, kt\u00f3re brzmia\u0142o mniej wi\u0119cej tak: &#8222;Czy wydarzy\u0142o si\u0119 co\u015b pami\u0119tnego podczas twojej pracy w firmie&#8221;. Osob\u0105, kt\u00f3ra najszybciej zareagowa\u0142a na t\u0105 wiadomo\u015b\u0107 by\u0142a Agat\u0105, kt\u00f3r\u0105 osoby \u015bledz\u0105ce nasze wpisy mog\u0105 pami\u0119ta\u0107 z roku trzeciego, gdzie pochwali\u0142a si\u0119 swoimi pocz\u0105tkami pracy. Dzisiaj spotykamy si\u0119 jednak, aby porozmawia\u0107 o jej wspominkach. Czy mog\u0142abym prosi\u0107, aby\u015b si\u0119 przedstawi\u0142a? Agata: No pewnie, jestem Agata, pracuj\u0119 na stanowisku mened\u017cera projekt\u00f3w specjalnych, z wykszta\u0142cenia jestem filologiem i ta mi\u0142o\u015b\u0107 do s\u0142owa [gr. phil\u00e9\u014d \u2018lubi\u0119\u2019, l\u00f3gos \u2018s\u0142owo\u2019, \u2018nauka\u2019] doprowadzi\u0142a mnie wprost tutaj \ud83d\ude42 Pyt: Dzi\u0119kuj\u0119! Teraz, skoro ju\u017c wszyscy wiedz\u0105, \u017ce mamy do czynienia z Pani\u0105 menad\u017cer do zada\u0144 specjalnych,","og_url":"https:\/\/md-online.pl\/pl\/wspomnienia\/","og_site_name":"MD Online","article_published_time":"2023-04-06T08:16:06+00:00","article_modified_time":"2023-04-07T09:48:24+00:00","og_image":[{"width":960,"height":540,"url":"https:\/\/md-online.pl\/wp-content\/uploads\/sites\/2\/2023\/04\/interwiev.png","type":"image\/png"}],"author":"redaktor","twitter_card":"summary_large_image","twitter_misc":{"Napisane przez":"redaktor","Szacowany czas czytania":"4 minuty"},"schema":{"@context":"https:\/\/schema.org","@graph":[{"@type":"WebPage","@id":"https:\/\/md-online.pl\/pl\/wspomnienia\/","url":"https:\/\/md-online.pl\/pl\/wspomnienia\/","name":"Wspomnienia: Kiedy pracowa\u0142y u nas dzieci - MD Online","isPartOf":{"@id":"https:\/\/md-online.pl\/en\/#website"},"datePublished":"2023-04-06T08:16:06+00:00","dateModified":"2023-04-07T09:48:24+00:00","author":{"@id":"https:\/\/md-online.pl\/en\/#\/schema\/person\/e8707b1784eedbf7cc3dbafa2792bfd2"},"breadcrumb":{"@id":"https:\/\/md-online.pl\/pl\/wspomnienia\/#breadcrumb"},"inLanguage":"pl-PL","potentialAction":[{"@type":"ReadAction","target":["https:\/\/md-online.pl\/pl\/wspomnienia\/"]}]},{"@type":"BreadcrumbList","@id":"https:\/\/md-online.pl\/pl\/wspomnienia\/#breadcrumb","itemListElement":[{"@type":"ListItem","position":1,"name":"Strona g\u0142\u00f3wna","item":"https:\/\/md-online.pl\/pl\/"},{"@type":"ListItem","position":2,"name":"Wspomnienia: Kiedy pracowa\u0142y u nas dzieci"}]},{"@type":"WebSite","@id":"https:\/\/md-online.pl\/en\/#website","url":"https:\/\/md-online.pl\/en\/","name":"MD Online","description":"Expert Communication Support","potentialAction":[{"@type":"SearchAction","target":{"@type":"EntryPoint","urlTemplate":"https:\/\/md-online.pl\/en\/?s={search_term_string}"},"query-input":"required name=search_term_string"}],"inLanguage":"pl-PL"},{"@type":"Person","@id":"https:\/\/md-online.pl\/en\/#\/schema\/person\/e8707b1784eedbf7cc3dbafa2792bfd2","name":"redaktor","image":{"@type":"ImageObject","inLanguage":"pl-PL","@id":"https:\/\/md-online.pl\/en\/#\/schema\/person\/image\/","url":"https:\/\/secure.gravatar.com\/avatar\/36e51595bc78caf5c34860f2909741d7fd9b54619090258cd68a2606369aae9a?s=96&d=mm&r=g","contentUrl":"https:\/\/secure.gravatar.com\/avatar\/36e51595bc78caf5c34860f2909741d7fd9b54619090258cd68a2606369aae9a?s=96&d=mm&r=g","caption":"redaktor"},"url":"https:\/\/md-online.pl\/pl\/author\/redaktor\/"}]}},"_links":{"self":[{"href":"https:\/\/md-online.pl\/pl\/wp-json\/wp\/v2\/posts\/15343","targetHints":{"allow":["GET"]}}],"collection":[{"href":"https:\/\/md-online.pl\/pl\/wp-json\/wp\/v2\/posts"}],"about":[{"href":"https:\/\/md-online.pl\/pl\/wp-json\/wp\/v2\/types\/post"}],"author":[{"embeddable":true,"href":"https:\/\/md-online.pl\/pl\/wp-json\/wp\/v2\/users\/16"}],"replies":[{"embeddable":true,"href":"https:\/\/md-online.pl\/pl\/wp-json\/wp\/v2\/comments?post=15343"}],"version-history":[{"count":0,"href":"https:\/\/md-online.pl\/pl\/wp-json\/wp\/v2\/posts\/15343\/revisions"}],"wp:featuredmedia":[{"embeddable":true,"href":"https:\/\/md-online.pl\/pl\/wp-json\/wp\/v2\/media\/15341"}],"wp:attachment":[{"href":"https:\/\/md-online.pl\/pl\/wp-json\/wp\/v2\/media?parent=15343"}],"wp:term":[{"taxonomy":"category","embeddable":true,"href":"https:\/\/md-online.pl\/pl\/wp-json\/wp\/v2\/categories?post=15343"},{"taxonomy":"post_tag","embeddable":true,"href":"https:\/\/md-online.pl\/pl\/wp-json\/wp\/v2\/tags?post=15343"}],"curies":[{"name":"wp","href":"https:\/\/api.w.org\/{rel}","templated":true}]}}