{"id":14170,"date":"2019-01-10T13:52:31","date_gmt":"2019-01-10T12:52:31","guid":{"rendered":"http:\/\/md-online.pl\/?p=14170"},"modified":"2019-04-25T13:56:51","modified_gmt":"2019-04-25T11:56:51","slug":"2019-miedzynarodowy-rok-jezykow-tubylczych","status":"publish","type":"post","link":"https:\/\/md-online.pl\/pl\/2019-miedzynarodowy-rok-jezykow-tubylczych\/","title":{"rendered":"2019 ? Mi\u0119dzynarodowy rok j\u0119zyk\u00f3w tubylczych"},"content":{"rendered":"<p>ultury upodobniaj\u0105 si\u0119 do siebie coraz bardziej w wyniku globalizacji i kontakt\u00f3w mi\u0119dzynarodowych. Wida\u0107 to szczeg\u00f3lnie w obchodzonych \u015bwi\u0119tach i uroczysto\u015bciach, ale wp\u0142ywa to te\u017c na j\u0119zyki ? uczymy si\u0119 tych najbardziej popularnych, a zapominamy o niszowych czy tubylczych.<\/p>\r\n<p><!-- \/wp:post-content -->\r\n\r\n<!-- wp:heading {\"level\":4} --><\/p>\r\n<h4>Sk\u0105d tak wielkie znaczenie j\u0119zyk\u00f3w tubylczych?<\/h4>\r\n<p><!-- \/wp:heading -->\r\n\r\n<!-- wp:paragraph --><\/p>\r\n<p>Na specjalnej stronie <strong><a href=\"https:\/\/en.iyil2019.org\/\">ONZ<\/a><\/strong> znajdziemy zapis, \u017ce ?j\u0119zyki odgrywaj\u0105 kluczow\u0105 rol\u0119 w codziennym \u017cyciu, nie tylko jako narz\u0119dzia komunikacji, edukacji, integracji spo\u0142ecznej i rozwoju, ale te\u017c jako repozytoria wyj\u0105tkowej to\u017csamo\u015bci ka\u017cdego cz\u0142owieka, historii i kultury, tradycji i pami\u0119ci&#8221;. Ten cytat pozwala na spojrzenie na ka\u017cdy j\u0119zyk na \u015bwiecie z bli\u017cszej i dalszej perspektywy. Na ca\u0142ym globie istnieje oko\u0142o 7 tysi\u0119cy j\u0119zyk\u00f3w, z czego niemal 2,5 tysi\u0105ca zagro\u017conych wygini\u0119ciem. Mo\u017cemy utraci\u0107 5 tysi\u0119cy kultur tubylczych rozrzuconych w 90 krajach ? przed\u0142u\u017cenie \u017cycia ich j\u0119zyka to jeden ze sposob\u00f3w podniesienia \u015bwiadomo\u015bci wagi j\u0119zyk\u00f3w tego typu i zmiany ich tragicznej sytuacji.<\/p>\r\n<p><!-- \/wp:paragraph -->\r\n\r\n<!-- wp:heading {\"level\":4} --><\/p>\r\n<h4>Co mo\u017cna zrobi\u0107?<\/h4>\r\n<p><!-- \/wp:heading -->\r\n\r\n<!-- wp:paragraph --><\/p>\r\n<p>Organizacja Narod\u00f3w Zjednoczonych dostrzega potencja\u0142 j\u0119zyk\u00f3w tubylczych w kszta\u0142towaniu pokoju i sprawiedliwego systemu rz\u0105dzenia. Ta instytucja pragnie podj\u0105\u0107 szereg krok\u00f3w ku podniesieniu jako\u015bci \u017cycia kultur tubylczych, wzmocnieniu dialogu mi\u0119dzynarodowego oraz zapewnieniu ci\u0105g\u0142o\u015bci j\u0119zykowej. Zaplanowano ogromn\u0105 ilo\u015b\u0107 wydarze\u0144 towarzysz\u0105cych inicjatywie ONZ (wi\u0119cej informacji na stronie: <a href=\"https:\/\/en.iyil2019.org\/events\/\">https:\/\/en.iyil2019.org\/events\/<\/a>). Oficjalne rozpocz\u0119cie obchod\u00f3w Roku J\u0119zyk\u00f3w Tubylczych ma mie\u0107 miejsce 28 stycznia w Pary\u017cu.<\/p>\r\n<p><!-- \/wp:paragraph -->\r\n\r\n<!-- wp:heading {\"level\":4} --><\/p>\r\n<h4>Projekt Endangered Languages<\/h4>\r\n<p><!-- \/wp:heading -->\r\n\r\n<!-- wp:paragraph --><\/p>\r\n<p>Mo\u017cna r\u00f3wnie\u017c zainteresowa\u0107 si\u0119 projektem <strong><a href=\"http:\/\/www.endangeredlanguages.com\/\">Endangered Languages<\/a><\/strong>. Eksperci zajmuj\u0105cy si\u0119 kwestiami j\u0119zyk\u00f3w ocenili, \u017ce oko\u0142o po\u0142owa mo\u017ce nie dotrwa\u0107 do pocz\u0105tku nowego tysi\u0105clecia. Dlatego powsta\u0142a ta platforma wspierana przez Alliance for Linguistic Diversity &#8211; to w\u0142a\u015bnie tu rodzimi u\u017cytkownicy tubylczych i zagro\u017conych j\u0119zyk\u00f3w oraz ich pasjonaci mog\u0105 wrzuca\u0107 materia\u0142y i informacje dot. tych j\u0119zyk\u00f3w i wiedzy z nimi zwi\u0105zanej.<\/p>\r\n<p><!-- \/wp:paragraph -->\r\n\r\n<!-- wp:paragraph --><\/p>\r\n<p>Doskonale rozumiemy, \u017ce j\u0119zyk jest kluczowym \u015brodkiem ekspresji i jego mo\u017cliwo\u015bci\u0105 s\u0105 w zasadzie nieograniczone. Wsp\u00f3\u0142pracujemy z native speakerami j\u0119zyk\u00f3w docelowych, doceniamy wi\u0119c ich warto\u015b\u0107. Gor\u0105co zach\u0119camy do kontaktu w sprawie us\u0142ug rodzimych u\u017cytkownik\u00f3w &#8211; tak\u017ce j\u0119zyk\u00f3w tubylczych i zagro\u017conych. Do\u0142o\u017cymy wszelkich stara\u0144, aby efekt ko\u0144cowy by\u0142 dok\u0142adnie tym, czego potrzebuje nasz klient.<\/p>","protected":false},"excerpt":{"rendered":"<p>ultury upodobniaj\u0105 si\u0119 do siebie coraz bardziej w wyniku globalizacji i kontakt\u00f3w mi\u0119dzynarodowych. Wida\u0107 to szczeg\u00f3lnie w obchodzonych \u015bwi\u0119tach i uroczysto\u015bciach, ale wp\u0142ywa to te\u017c na j\u0119zyki ? uczymy si\u0119 tych najbardziej popularnych, a zapominamy o niszowych czy tubylczych. Sk\u0105d tak wielkie znaczenie j\u0119zyk\u00f3w tubylczych? Na specjalnej stronie ONZ znajdziemy zapis, \u017ce ?j\u0119zyki odgrywaj\u0105 kluczow\u0105 rol\u0119 w codziennym \u017cyciu, nie tylko jako narz\u0119dzia komunikacji, edukacji, integracji spo\u0142ecznej i rozwoju, ale te\u017c jako repozytoria wyj\u0105tkowej to\u017csamo\u015bci ka\u017cdego cz\u0142owieka, historii i kultury, tradycji i pami\u0119ci&#8221;. Ten cytat pozwala na spojrzenie na ka\u017cdy j\u0119zyk na \u015bwiecie z bli\u017cszej i dalszej perspektywy. Na ca\u0142ym globie istnieje oko\u0142o 7 tysi\u0119cy j\u0119zyk\u00f3w, z czego niemal 2,5 tysi\u0105ca zagro\u017conych wygini\u0119ciem. Mo\u017cemy utraci\u0107 5 tysi\u0119cy kultur tubylczych rozrzuconych w 90 krajach ? przed\u0142u\u017cenie \u017cycia ich j\u0119zyka to jeden ze sposob\u00f3w podniesienia \u015bwiadomo\u015bci wagi j\u0119zyk\u00f3w tego typu i zmiany ich tragicznej sytuacji. Co mo\u017cna zrobi\u0107? Organizacja Narod\u00f3w Zjednoczonych dostrzega<\/p>\n","protected":false},"author":16,"featured_media":14171,"comment_status":"open","ping_status":"open","sticky":false,"template":"","format":"standard","meta":{"_monsterinsights_skip_tracking":false,"_monsterinsights_sitenote_active":false,"_monsterinsights_sitenote_note":"","_monsterinsights_sitenote_category":0,"footnotes":""},"categories":[82],"tags":[97,98,96,100,99],"class_list":["post-14170","post","type-post","status-publish","format-standard","has-post-thumbnail","hentry","category-news-pl","tag-97","tag-jezyk","tag-onz","tag-tubylczy","tag-zagrozony"],"yoast_head":"<!-- This site is optimized with the Yoast SEO plugin v21.0 - https:\/\/yoast.com\/wordpress\/plugins\/seo\/ -->\n<title>2019 ? Mi\u0119dzynarodowy rok j\u0119zyk\u00f3w tubylczych - MD Online<\/title>\n<meta name=\"robots\" content=\"index, follow, max-snippet:-1, max-image-preview:large, max-video-preview:-1\" \/>\n<link rel=\"canonical\" href=\"https:\/\/md-online.pl\/en\/2019-international-year-of-indigenous-languages\/\" \/>\n<meta property=\"og:locale\" content=\"pl_PL\" \/>\n<meta property=\"og:type\" content=\"article\" \/>\n<meta property=\"og:title\" content=\"2019 ? Mi\u0119dzynarodowy rok j\u0119zyk\u00f3w tubylczych - MD Online\" \/>\n<meta property=\"og:description\" content=\"ultury upodobniaj\u0105 si\u0119 do siebie coraz bardziej w wyniku globalizacji i kontakt\u00f3w mi\u0119dzynarodowych. Wida\u0107 to szczeg\u00f3lnie w obchodzonych \u015bwi\u0119tach i uroczysto\u015bciach, ale wp\u0142ywa to te\u017c na j\u0119zyki ? uczymy si\u0119 tych najbardziej popularnych, a zapominamy o niszowych czy tubylczych. Sk\u0105d tak wielkie znaczenie j\u0119zyk\u00f3w tubylczych? Na specjalnej stronie ONZ znajdziemy zapis, \u017ce ?j\u0119zyki odgrywaj\u0105 kluczow\u0105 rol\u0119 w codziennym \u017cyciu, nie tylko jako narz\u0119dzia komunikacji, edukacji, integracji spo\u0142ecznej i rozwoju, ale te\u017c jako repozytoria wyj\u0105tkowej to\u017csamo\u015bci ka\u017cdego cz\u0142owieka, historii i kultury, tradycji i pami\u0119ci&#8221;. Ten cytat pozwala na spojrzenie na ka\u017cdy j\u0119zyk na \u015bwiecie z bli\u017cszej i dalszej perspektywy. Na ca\u0142ym globie istnieje oko\u0142o 7 tysi\u0119cy j\u0119zyk\u00f3w, z czego niemal 2,5 tysi\u0105ca zagro\u017conych wygini\u0119ciem. Mo\u017cemy utraci\u0107 5 tysi\u0119cy kultur tubylczych rozrzuconych w 90 krajach ? przed\u0142u\u017cenie \u017cycia ich j\u0119zyka to jeden ze sposob\u00f3w podniesienia \u015bwiadomo\u015bci wagi j\u0119zyk\u00f3w tego typu i zmiany ich tragicznej sytuacji. Co mo\u017cna zrobi\u0107? Organizacja Narod\u00f3w Zjednoczonych dostrzega\" \/>\n<meta property=\"og:url\" content=\"https:\/\/md-online.pl\/en\/2019-international-year-of-indigenous-languages\/\" \/>\n<meta property=\"og:site_name\" content=\"MD Online\" \/>\n<meta property=\"article:published_time\" content=\"2019-01-10T12:52:31+00:00\" \/>\n<meta property=\"article:modified_time\" content=\"2019-04-25T11:56:51+00:00\" \/>\n<meta property=\"og:image\" content=\"https:\/\/md-online.pl\/wp-content\/uploads\/sites\/2\/2019\/04\/engangered-languages-960x350_c.jpg\" \/>\n\t<meta property=\"og:image:width\" content=\"960\" \/>\n\t<meta property=\"og:image:height\" content=\"350\" \/>\n\t<meta property=\"og:image:type\" content=\"image\/jpeg\" \/>\n<meta name=\"author\" content=\"redaktor\" \/>\n<meta name=\"twitter:card\" content=\"summary_large_image\" \/>\n<meta name=\"twitter:label1\" content=\"Napisane przez\" \/>\n\t<meta name=\"twitter:data1\" content=\"redaktor\" \/>\n\t<meta name=\"twitter:label2\" content=\"Szacowany czas czytania\" \/>\n\t<meta name=\"twitter:data2\" content=\"2 minuty\" \/>\n<script type=\"application\/ld+json\" class=\"yoast-schema-graph\">{\"@context\":\"https:\/\/schema.org\",\"@graph\":[{\"@type\":\"WebPage\",\"@id\":\"https:\/\/md-online.pl\/en\/2019-international-year-of-indigenous-languages\/\",\"url\":\"https:\/\/md-online.pl\/en\/2019-international-year-of-indigenous-languages\/\",\"name\":\"2019 ? Mi\u0119dzynarodowy rok j\u0119zyk\u00f3w tubylczych - MD Online\",\"isPartOf\":{\"@id\":\"https:\/\/md-online.pl\/en\/#website\"},\"datePublished\":\"2019-01-10T12:52:31+00:00\",\"dateModified\":\"2019-04-25T11:56:51+00:00\",\"author\":{\"@id\":\"https:\/\/md-online.pl\/en\/#\/schema\/person\/e8707b1784eedbf7cc3dbafa2792bfd2\"},\"breadcrumb\":{\"@id\":\"https:\/\/md-online.pl\/en\/2019-international-year-of-indigenous-languages\/#breadcrumb\"},\"inLanguage\":\"pl-PL\",\"potentialAction\":[{\"@type\":\"ReadAction\",\"target\":[\"https:\/\/md-online.pl\/en\/2019-international-year-of-indigenous-languages\/\"]}]},{\"@type\":\"BreadcrumbList\",\"@id\":\"https:\/\/md-online.pl\/en\/2019-international-year-of-indigenous-languages\/#breadcrumb\",\"itemListElement\":[{\"@type\":\"ListItem\",\"position\":1,\"name\":\"Strona g\u0142\u00f3wna\",\"item\":\"https:\/\/md-online.pl\/pl\/\"},{\"@type\":\"ListItem\",\"position\":2,\"name\":\"2019 ? Mi\u0119dzynarodowy rok j\u0119zyk\u00f3w tubylczych\"}]},{\"@type\":\"WebSite\",\"@id\":\"https:\/\/md-online.pl\/en\/#website\",\"url\":\"https:\/\/md-online.pl\/en\/\",\"name\":\"MD Online\",\"description\":\"Expert Communication Support\",\"potentialAction\":[{\"@type\":\"SearchAction\",\"target\":{\"@type\":\"EntryPoint\",\"urlTemplate\":\"https:\/\/md-online.pl\/en\/?s={search_term_string}\"},\"query-input\":\"required name=search_term_string\"}],\"inLanguage\":\"pl-PL\"},{\"@type\":\"Person\",\"@id\":\"https:\/\/md-online.pl\/en\/#\/schema\/person\/e8707b1784eedbf7cc3dbafa2792bfd2\",\"name\":\"redaktor\",\"image\":{\"@type\":\"ImageObject\",\"inLanguage\":\"pl-PL\",\"@id\":\"https:\/\/md-online.pl\/en\/#\/schema\/person\/image\/\",\"url\":\"https:\/\/secure.gravatar.com\/avatar\/36e51595bc78caf5c34860f2909741d7fd9b54619090258cd68a2606369aae9a?s=96&d=mm&r=g\",\"contentUrl\":\"https:\/\/secure.gravatar.com\/avatar\/36e51595bc78caf5c34860f2909741d7fd9b54619090258cd68a2606369aae9a?s=96&d=mm&r=g\",\"caption\":\"redaktor\"},\"url\":\"https:\/\/md-online.pl\/pl\/author\/redaktor\/\"}]}<\/script>\n<!-- \/ Yoast SEO plugin. -->","yoast_head_json":{"title":"2019 ? Mi\u0119dzynarodowy rok j\u0119zyk\u00f3w tubylczych - MD Online","robots":{"index":"index","follow":"follow","max-snippet":"max-snippet:-1","max-image-preview":"max-image-preview:large","max-video-preview":"max-video-preview:-1"},"canonical":"https:\/\/md-online.pl\/en\/2019-international-year-of-indigenous-languages\/","og_locale":"pl_PL","og_type":"article","og_title":"2019 ? Mi\u0119dzynarodowy rok j\u0119zyk\u00f3w tubylczych - MD Online","og_description":"ultury upodobniaj\u0105 si\u0119 do siebie coraz bardziej w wyniku globalizacji i kontakt\u00f3w mi\u0119dzynarodowych. Wida\u0107 to szczeg\u00f3lnie w obchodzonych \u015bwi\u0119tach i uroczysto\u015bciach, ale wp\u0142ywa to te\u017c na j\u0119zyki ? uczymy si\u0119 tych najbardziej popularnych, a zapominamy o niszowych czy tubylczych. Sk\u0105d tak wielkie znaczenie j\u0119zyk\u00f3w tubylczych? Na specjalnej stronie ONZ znajdziemy zapis, \u017ce ?j\u0119zyki odgrywaj\u0105 kluczow\u0105 rol\u0119 w codziennym \u017cyciu, nie tylko jako narz\u0119dzia komunikacji, edukacji, integracji spo\u0142ecznej i rozwoju, ale te\u017c jako repozytoria wyj\u0105tkowej to\u017csamo\u015bci ka\u017cdego cz\u0142owieka, historii i kultury, tradycji i pami\u0119ci&#8221;. Ten cytat pozwala na spojrzenie na ka\u017cdy j\u0119zyk na \u015bwiecie z bli\u017cszej i dalszej perspektywy. Na ca\u0142ym globie istnieje oko\u0142o 7 tysi\u0119cy j\u0119zyk\u00f3w, z czego niemal 2,5 tysi\u0105ca zagro\u017conych wygini\u0119ciem. Mo\u017cemy utraci\u0107 5 tysi\u0119cy kultur tubylczych rozrzuconych w 90 krajach ? przed\u0142u\u017cenie \u017cycia ich j\u0119zyka to jeden ze sposob\u00f3w podniesienia \u015bwiadomo\u015bci wagi j\u0119zyk\u00f3w tego typu i zmiany ich tragicznej sytuacji. Co mo\u017cna zrobi\u0107? Organizacja Narod\u00f3w Zjednoczonych dostrzega","og_url":"https:\/\/md-online.pl\/en\/2019-international-year-of-indigenous-languages\/","og_site_name":"MD Online","article_published_time":"2019-01-10T12:52:31+00:00","article_modified_time":"2019-04-25T11:56:51+00:00","og_image":[{"width":960,"height":350,"url":"https:\/\/md-online.pl\/wp-content\/uploads\/sites\/2\/2019\/04\/engangered-languages-960x350_c.jpg","type":"image\/jpeg"}],"author":"redaktor","twitter_card":"summary_large_image","twitter_misc":{"Napisane przez":"redaktor","Szacowany czas czytania":"2 minuty"},"schema":{"@context":"https:\/\/schema.org","@graph":[{"@type":"WebPage","@id":"https:\/\/md-online.pl\/en\/2019-international-year-of-indigenous-languages\/","url":"https:\/\/md-online.pl\/en\/2019-international-year-of-indigenous-languages\/","name":"2019 ? Mi\u0119dzynarodowy rok j\u0119zyk\u00f3w tubylczych - MD Online","isPartOf":{"@id":"https:\/\/md-online.pl\/en\/#website"},"datePublished":"2019-01-10T12:52:31+00:00","dateModified":"2019-04-25T11:56:51+00:00","author":{"@id":"https:\/\/md-online.pl\/en\/#\/schema\/person\/e8707b1784eedbf7cc3dbafa2792bfd2"},"breadcrumb":{"@id":"https:\/\/md-online.pl\/en\/2019-international-year-of-indigenous-languages\/#breadcrumb"},"inLanguage":"pl-PL","potentialAction":[{"@type":"ReadAction","target":["https:\/\/md-online.pl\/en\/2019-international-year-of-indigenous-languages\/"]}]},{"@type":"BreadcrumbList","@id":"https:\/\/md-online.pl\/en\/2019-international-year-of-indigenous-languages\/#breadcrumb","itemListElement":[{"@type":"ListItem","position":1,"name":"Strona g\u0142\u00f3wna","item":"https:\/\/md-online.pl\/pl\/"},{"@type":"ListItem","position":2,"name":"2019 ? Mi\u0119dzynarodowy rok j\u0119zyk\u00f3w tubylczych"}]},{"@type":"WebSite","@id":"https:\/\/md-online.pl\/en\/#website","url":"https:\/\/md-online.pl\/en\/","name":"MD Online","description":"Expert Communication Support","potentialAction":[{"@type":"SearchAction","target":{"@type":"EntryPoint","urlTemplate":"https:\/\/md-online.pl\/en\/?s={search_term_string}"},"query-input":"required name=search_term_string"}],"inLanguage":"pl-PL"},{"@type":"Person","@id":"https:\/\/md-online.pl\/en\/#\/schema\/person\/e8707b1784eedbf7cc3dbafa2792bfd2","name":"redaktor","image":{"@type":"ImageObject","inLanguage":"pl-PL","@id":"https:\/\/md-online.pl\/en\/#\/schema\/person\/image\/","url":"https:\/\/secure.gravatar.com\/avatar\/36e51595bc78caf5c34860f2909741d7fd9b54619090258cd68a2606369aae9a?s=96&d=mm&r=g","contentUrl":"https:\/\/secure.gravatar.com\/avatar\/36e51595bc78caf5c34860f2909741d7fd9b54619090258cd68a2606369aae9a?s=96&d=mm&r=g","caption":"redaktor"},"url":"https:\/\/md-online.pl\/pl\/author\/redaktor\/"}]}},"_links":{"self":[{"href":"https:\/\/md-online.pl\/pl\/wp-json\/wp\/v2\/posts\/14170","targetHints":{"allow":["GET"]}}],"collection":[{"href":"https:\/\/md-online.pl\/pl\/wp-json\/wp\/v2\/posts"}],"about":[{"href":"https:\/\/md-online.pl\/pl\/wp-json\/wp\/v2\/types\/post"}],"author":[{"embeddable":true,"href":"https:\/\/md-online.pl\/pl\/wp-json\/wp\/v2\/users\/16"}],"replies":[{"embeddable":true,"href":"https:\/\/md-online.pl\/pl\/wp-json\/wp\/v2\/comments?post=14170"}],"version-history":[{"count":0,"href":"https:\/\/md-online.pl\/pl\/wp-json\/wp\/v2\/posts\/14170\/revisions"}],"wp:featuredmedia":[{"embeddable":true,"href":"https:\/\/md-online.pl\/pl\/wp-json\/wp\/v2\/media\/14171"}],"wp:attachment":[{"href":"https:\/\/md-online.pl\/pl\/wp-json\/wp\/v2\/media?parent=14170"}],"wp:term":[{"taxonomy":"category","embeddable":true,"href":"https:\/\/md-online.pl\/pl\/wp-json\/wp\/v2\/categories?post=14170"},{"taxonomy":"post_tag","embeddable":true,"href":"https:\/\/md-online.pl\/pl\/wp-json\/wp\/v2\/tags?post=14170"}],"curies":[{"name":"wp","href":"https:\/\/api.w.org\/{rel}","templated":true}]}}